{"id":987,"date":"2023-10-31T09:41:32","date_gmt":"2023-10-31T08:41:32","guid":{"rendered":"https:\/\/cuentayrazon.es\/cyr1e\/?p=987"},"modified":"2023-11-04T22:42:46","modified_gmt":"2023-11-04T21:42:46","slug":"numero-141-2006","status":"publish","type":"post","link":"https:\/\/cuentayrazon.es\/cyr1e\/numero-141-2006\/","title":{"rendered":"N\u00famero 141. 2006"},"content":{"rendered":"\n<div class=\"wp-block-columns is-layout-flex wp-container-core-columns-is-layout-9d6595d7 wp-block-columns-is-layout-flex\">\n<div class=\"wp-block-column is-layout-flow wp-block-column-is-layout-flow\"><\/div>\n\n\n\n<div class=\"wp-block-column is-layout-flow wp-block-column-is-layout-flow\"><\/div>\n<\/div>\n\n\n\n<ul class=\"wp-block-list\">\n<li><strong><a href=\"\/archivo\/Num141_001.pdf\" target=\"_blank\" rel=\"noreferrer noopener\">Juli\u00e1n Mar\u00edas:&nbsp;un cap\u00edtulo de la filosof\u00eda espa\u00f1ola<\/a><\/strong>. Jos\u00e9 Luis Abell\u00e1n 7-12<\/li>\n\n\n\n<li><strong><a href=\"\/archivo\/Num141_002.pdf\" target=\"_blank\" rel=\"noreferrer noopener\">Juli\u00e1n Mar\u00edas, en el recuerdo<\/a><\/strong>. Juan del Agua 13-18<\/li>\n\n\n\n<li><strong><a href=\"\/archivo\/Num141_003.pdf\" target=\"_blank\" rel=\"noreferrer noopener\">Recordando a Juli\u00e1n Mar\u00edas<\/a><\/strong>. Julio Almeida Nesi 19-24<\/li>\n\n\n\n<li><strong><a href=\"\/archivo\/Num141_004.pdf\" target=\"_blank\" rel=\"noreferrer noopener\">Ruda y cruel soledad radical<\/a><\/strong>. Mar\u00eda Rosa Alonso 25-28<\/li>\n\n\n\n<li><strong><a href=\"\/archivo\/Num141_005.pdf\" target=\"_blank\" rel=\"noreferrer noopener\">Tres meses sin Juli\u00e1n Mar\u00edas<\/a><\/strong>. Rafael Ans\u00f3n 29-32<\/li>\n\n\n\n<li><strong><a href=\"\/archivo\/Num141_006.pdf\" target=\"_blank\" rel=\"noreferrer noopener\">Juli\u00e1n Mar\u00edas:&nbsp;un amigo cabal<\/a><\/strong>. Margarita Ben\u00edtez 33-34<\/li>\n\n\n\n<li><strong><a href=\"\/archivo\/Num141_007.pdf\" target=\"_blank\" rel=\"noreferrer noopener\">Vivir es decir:&nbsp;reflexiones sobre un discurso<\/a><\/strong>. Jos\u00e9 Manuel Blecua Perdices 35-38<\/li>\n\n\n\n<li><strong><a href=\"\/archivo\/Num141_008.pdf\" target=\"_blank\" rel=\"noreferrer noopener\">Historia de una amistad<\/a><\/strong>. Mar\u00eda Antonia Rodulfo,&nbsp;Julia Churtichaga 39-42<\/li>\n\n\n\n<li><strong><a href=\"\/archivo\/Num141_009.pdf\" target=\"_blank\" rel=\"noreferrer noopener\">Juli\u00e1n Mar\u00edas:&nbsp;fil\u00f3sofo, cat\u00f3lico y liberal<\/a><\/strong>. Agust\u00edn Domingo Moratalla 43-46<\/li>\n\n\n\n<li><strong><a href=\"\/archivo\/Num141_010.pdf\" target=\"_blank\" rel=\"noreferrer noopener\">A mi querido maestro Juli\u00e1n Mar\u00edas. In memoriam<\/a><\/strong>. M\u00aaLourdes Dur\u00e1n D\u00edaz 47-50<\/li>\n\n\n\n<li><strong><a href=\"\/archivo\/Num141_011.pdf\" target=\"_blank\" rel=\"noreferrer noopener\">La voz a Mar\u00edas debida<\/a><\/strong>. Miguel Escudero 51-58<\/li>\n\n\n\n<li><strong><a href=\"\/archivo\/Num141_012.pdf\" target=\"_blank\" rel=\"noreferrer noopener\">Con dolor, gratitud y esperanza<\/a><\/strong>. Antonio Hern\u00e1ndez-Sonseca P\u00e9rez 59-62<\/li>\n\n\n\n<li><strong><a href=\"\/archivo\/Num141_013.pdf\" target=\"_blank\" rel=\"noreferrer noopener\">El magisterio vital de Juli\u00e1n Mar\u00edas<\/a><\/strong>. Pilar Mart\u00edn-Guzm\u00e1n 63-68<\/li>\n\n\n\n<li><strong><a href=\"\/archivo\/Num141_014.pdf\" target=\"_blank\" rel=\"noreferrer noopener\">Juli\u00e1n Mar\u00edas en el pensamiento liberal europeo<\/a><\/strong>. Miguel Mart\u00ednez Cuadrado 69-76<\/li>\n\n\n\n<li><strong><a href=\"\/archivo\/Num141_015.pdf\" target=\"_blank\" rel=\"noreferrer noopener\">Lo que la verdad de m\u00ed espera<\/a><\/strong>. Francesco de Nigris 77-82<\/li>\n\n\n\n<li><strong><a href=\"\/archivo\/Num141_016.pdf\" target=\"_blank\" rel=\"noreferrer noopener\">Encuentro con Mar\u00edas<\/a><\/strong>. Mar\u00eda del Carmen Paredes Mart\u00edn 83-86<\/li>\n\n\n\n<li><strong><a href=\"\/archivo\/Num141_017.pdf\" target=\"_blank\" rel=\"noreferrer noopener\">Las perplejidades fecundas<\/a><\/strong>. C\u00e9sar P\u00e9rez Gracia 87-92<\/li>\n\n\n\n<li><strong><a href=\"\/archivo\/Num141_018.pdf\" target=\"_blank\" rel=\"noreferrer noopener\">Don Juli\u00e1n Mar\u00edas:&nbsp;recuerdos de una amistad<\/a><\/strong>. Harold Raley 93-96<\/li>\n\n\n\n<li><strong><a href=\"\/archivo\/Num141_019.pdf\" target=\"_blank\" rel=\"noreferrer noopener\">Recuerdos de Juli\u00e1n Mar\u00edas<\/a><\/strong>. Alfredo Ram\u00f3n 97-98<\/li>\n\n\n\n<li><strong><a href=\"\/archivo\/Num141_020.pdf\" target=\"_blank\" rel=\"noreferrer noopener\">Juli\u00e1n Mar\u00edas, un pensamiento hablado<\/a><\/strong>. Mar\u00eda Riaza 99-106<\/li>\n\n\n\n<li><strong><a href=\"\/archivo\/Num141_021.pdf\" data-type=\"link\" data-id=\"\/archivo\/Num141_021.pdf\" target=\"_blank\" rel=\"noreferrer noopener\">Juli\u00e1n Mar\u00edas y la t\u00e9cnica<\/a><\/strong>. Fernando S\u00e1enz Ridruejo 107-112<\/li>\n\n\n\n<li><strong><a href=\"\/archivo\/Num141_022.pdf\" target=\"_blank\" rel=\"noreferrer noopener\">El fil\u00f3sofo que amaba el cine<\/a><\/strong>. Mar\u00eda G. Santa Eulalia 113-116<\/li>\n\n\n\n<li><strong><a href=\"\/archivo\/Num141_023.pdf\" data-type=\"link\" data-id=\"\/archivo\/Num141_023.pdf\" target=\"_blank\" rel=\"noreferrer noopener\">Recuerdos de Juli\u00e1n Mar\u00edas<\/a><\/strong>. Beejee Smith Juhnke 117-120<\/li>\n\n\n\n<li><strong><a href=\"\/archivo\/Num141_024.pdf\" target=\"_blank\" rel=\"noreferrer noopener\">Reflexiones en torno a Juli\u00e1n Mar\u00edas<\/a><\/strong>. Alicia Villar Ezcurra 121-123<\/li>\n<\/ul>\n","protected":false},"excerpt":{"rendered":"","protected":false},"author":1,"featured_media":1075,"comment_status":"open","ping_status":"open","sticky":false,"template":"","format":"standard","meta":{"footnotes":""},"categories":[67],"tags":[977,192,945,848,979,796,730,948,136,972,974,54,976,115,978,213,975,949,729,834,973,382,271,511,11],"class_list":["post-987","post","type-post","status-publish","format-standard","has-post-thumbnail","hentry","category-numeros","tag-agustin-domingo-moratalla","tag-alfredo-ramon","tag-alicia-villar-ezcurra","tag-antonio-hernandez-sonseca-perez","tag-beejee-smith-juhnke","tag-cesar-perez-gracia","tag-fernando-saenz-ridruejo","tag-francesco-de-nigris","tag-harold-raley","tag-jose-luis-abellan","tag-jose-manuel-blecua-perdices","tag-juan-del-agua","tag-julia-churtichaga","tag-julio-almeida-nesi","tag-malourdes-duran-diaz","tag-margarita-benitez","tag-maria-antonia-rodulfo","tag-maria-del-carmen-paredes-martin","tag-maria-g-santa-eulalia","tag-maria-riaza","tag-maria-rosa-alonso","tag-miguel-escudero","tag-miguel-martinez-cuadrado","tag-pilar-martin-guzman","tag-rafael-anson"],"_links":{"self":[{"href":"https:\/\/cuentayrazon.es\/cyr1e\/wp-json\/wp\/v2\/posts\/987","targetHints":{"allow":["GET"]}}],"collection":[{"href":"https:\/\/cuentayrazon.es\/cyr1e\/wp-json\/wp\/v2\/posts"}],"about":[{"href":"https:\/\/cuentayrazon.es\/cyr1e\/wp-json\/wp\/v2\/types\/post"}],"author":[{"embeddable":true,"href":"https:\/\/cuentayrazon.es\/cyr1e\/wp-json\/wp\/v2\/users\/1"}],"replies":[{"embeddable":true,"href":"https:\/\/cuentayrazon.es\/cyr1e\/wp-json\/wp\/v2\/comments?post=987"}],"version-history":[{"count":14,"href":"https:\/\/cuentayrazon.es\/cyr1e\/wp-json\/wp\/v2\/posts\/987\/revisions"}],"predecessor-version":[{"id":1201,"href":"https:\/\/cuentayrazon.es\/cyr1e\/wp-json\/wp\/v2\/posts\/987\/revisions\/1201"}],"wp:featuredmedia":[{"embeddable":true,"href":"https:\/\/cuentayrazon.es\/cyr1e\/wp-json\/wp\/v2\/media\/1075"}],"wp:attachment":[{"href":"https:\/\/cuentayrazon.es\/cyr1e\/wp-json\/wp\/v2\/media?parent=987"}],"wp:term":[{"taxonomy":"category","embeddable":true,"href":"https:\/\/cuentayrazon.es\/cyr1e\/wp-json\/wp\/v2\/categories?post=987"},{"taxonomy":"post_tag","embeddable":true,"href":"https:\/\/cuentayrazon.es\/cyr1e\/wp-json\/wp\/v2\/tags?post=987"}],"curies":[{"name":"wp","href":"https:\/\/api.w.org\/{rel}","templated":true}]}}