{"id":979,"date":"2023-10-31T08:18:42","date_gmt":"2023-10-31T07:18:42","guid":{"rendered":"https:\/\/cuentayrazon.es\/cyr1e\/?p=979"},"modified":"2023-11-04T22:43:48","modified_gmt":"2023-11-04T21:43:48","slug":"numero-137-2005","status":"publish","type":"post","link":"https:\/\/cuentayrazon.es\/cyr1e\/numero-137-2005\/","title":{"rendered":"N\u00famero 137. 2005"},"content":{"rendered":"\n<div class=\"wp-block-columns is-layout-flex wp-container-core-columns-is-layout-9d6595d7 wp-block-columns-is-layout-flex\">\n<div class=\"wp-block-column is-layout-flow wp-block-column-is-layout-flow\"><\/div>\n\n\n\n<div class=\"wp-block-column is-layout-flow wp-block-column-is-layout-flow\"><\/div>\n<\/div>\n\n\n\n<p><strong>Ensayos<\/strong><\/p>\n\n\n\n<ul class=\"wp-block-list\">\n<li><strong><a href=\"\/archivo\/Num137_001.pdf\" target=\"_blank\" rel=\"noreferrer noopener\">Las elecciones estadounidenses de 2004 y los valores morales<\/a><\/strong>. Harold Raley 7-12<\/li>\n\n\n\n<li><strong><a href=\"\/archivo\/Num137_002.pdf\" target=\"_blank\" rel=\"noreferrer noopener\">La transici\u00f3n de la econom\u00eda espa\u00f1ola al siglo XXI<\/a><\/strong>. Crist\u00f3bal Montoro Romero 13-18<\/li>\n\n\n\n<li><strong><a href=\"\/archivo\/Num137_003.pdf\" target=\"_blank\" rel=\"noreferrer noopener\">La educaci\u00f3n, entre la ciencia y la ideolog\u00eda<\/a><\/strong>. Pedro Francisco Gago Guerrero 19-26<\/li>\n\n\n\n<li><strong><a href=\"\/archivo\/Num137_004.pdf\" target=\"_blank\" rel=\"noreferrer noopener\">La Ley Org\u00e1nica de Educaci\u00f3n:&nbsp;los l\u00edmites y los logros del talante socialdem\u00f3crata<\/a><\/strong>. Rafael Feito Alonso 27-38<\/li>\n\n\n\n<li><strong><a href=\"\/archivo\/Num137_005.pdf\" target=\"_blank\" rel=\"noreferrer noopener\">Un f\u00edsico abre su coraz\u00f3n:&nbsp;Albert Einstein y la religi\u00f3n<\/a><\/strong>. Leandro Sequeiros San Rom\u00e1n,&nbsp;Jos\u00e9 Antonio Rojo,&nbsp;David Alcalde Morales 39-46<\/li>\n\n\n\n<li><strong><a href=\"\/archivo\/Num137_006.pdf\" target=\"_blank\" rel=\"noreferrer noopener\">Testigos de la verdad en esta hora de Espa\u00f1a<\/a><\/strong>. Antonio Hern\u00e1ndez-Sonseca P\u00e9rez 47-54<\/li>\n\n\n\n<li><strong><a href=\"\/archivo\/Num137_007.pdf\" target=\"_blank\" rel=\"noreferrer noopener\">C\u00e1tedra Ferr\u00e1n Adri\u00e1 de cultura gastron\u00f3mica y ciencias de la alimentaci\u00f3n<\/a><\/strong>. Rafael Ans\u00f3n 55-62<\/li>\n<\/ul>\n\n\n\n<p><strong>An\u00e1lisis<\/strong><\/p>\n\n\n\n<ul class=\"wp-block-list\">\n<li><strong><a href=\"\/archivo\/Num137_008.pdf\" target=\"_blank\" rel=\"noreferrer noopener\">El volumen de Lamela<\/a><\/strong>. Rafael de la Hoz Castanys 63-68<\/li>\n\n\n\n<li><strong><a href=\"\/archivo\/Num137_009.pdf\" target=\"_blank\" rel=\"noreferrer noopener\">Signos de esperanza<\/a><\/strong>. Enrique Gonz\u00e1lez Fern\u00e1ndez 69-72<\/li>\n\n\n\n<li><strong><a href=\"\/archivo\/Num137_010.pdf\" target=\"_blank\" rel=\"noreferrer noopener\">Verdades relativas<\/a><\/strong>. Julio Almeida Nesi 73-78<\/li>\n\n\n\n<li><strong><a href=\"\/archivo\/Num137_011.pdf\" target=\"_blank\" rel=\"noreferrer noopener\">La enfermedad de Dostoievski<\/a><\/strong>. Bela Martinova 79-84<\/li>\n\n\n\n<li><strong><a href=\"https:\/\/dialnet.unirioja.es\/servlet\/articulo?codigo=1197878\">Ortega:&nbsp;perplejidad<\/a><a href=\"\/archivo\/Num137_012.pdf\" target=\"_blank\" rel=\"noreferrer noopener\"> <\/a><a href=\"https:\/\/dialnet.unirioja.es\/servlet\/articulo?codigo=1197878\">y naufragio<\/a><\/strong>. C\u00e9sar P\u00e9rez Gracia 85-90<\/li>\n\n\n\n<li><strong><a href=\"\/archivo\/Num137_013.pdf\" target=\"_blank\" rel=\"noreferrer noopener\">Resbalando con Einstein<\/a><\/strong>. Miguel Escudero 91-96<\/li>\n\n\n\n<li><strong><a href=\"\/archivo\/Num137_014.pdf\" target=\"_blank\" rel=\"noreferrer noopener\">Una lectura pol\u00edtica de la transici\u00f3n religiosa en Espa\u00f1a<\/a><\/strong>. Mercedes Gordon 97-108<\/li>\n<\/ul>\n\n\n\n<p><strong>Cr\u00f3nicas<\/strong><\/p>\n\n\n\n<ul class=\"wp-block-list\">\n<li><strong><a href=\"\/archivo\/Num137_015.pdf\" target=\"_blank\" rel=\"noreferrer noopener\">Un puente sobre el arte<\/a><\/strong>. Ana Mar\u00eda Preckler 109-120<\/li>\n\n\n\n<li><strong><a href=\"\/archivo\/Num137_016.pdf\" target=\"_blank\" rel=\"noreferrer noopener\">Cr\u00f3nica de Letras<\/a><\/strong>. Luisa Santamar\u00eda 121-127<\/li>\n\n\n\n<li><strong><a href=\"\/archivo\/Num137_017.pdf\" target=\"_blank\" rel=\"noreferrer noopener\">Fidel Castro, Adolf Hitler y Fran\u00e7ois Miterrand, tres pol\u00edticos en la cartelera<\/a><\/strong>. Mar\u00eda G. Santa Eulalia 127-135<\/li>\n\n\n\n<li><strong><a href=\"\/archivo\/Num137_018.pdf\" target=\"_blank\" rel=\"noreferrer noopener\">El absurdo, un g\u00e9nero de postguerras<\/a><\/strong>. Jos\u00e9 Luis Lanaspa 136-138<\/li>\n\n\n\n<li><strong><a href=\"\/archivo\/Num137_019.pdf\" target=\"_blank\" rel=\"noreferrer noopener\">Los t\u00faneles del Guadarrama<\/a><\/strong>. Fernando S\u00e1enz Ridruejo 139-146<\/li>\n<\/ul>\n\n\n\n<p><strong>Argumentos<\/strong><\/p>\n\n\n\n<ul class=\"wp-block-list\">\n<li><strong><a href=\"\/archivo\/Num137_020.pdf\" target=\"_blank\" rel=\"noreferrer noopener\">La magnitud real de Espa\u00f1a. ABC, 17 de octubre de 1996<\/a><\/strong>. Juli\u00e1n Mar\u00edas 147-149<\/li>\n<\/ul>\n","protected":false},"excerpt":{"rendered":"<p>Ensayos An\u00e1lisis Cr\u00f3nicas Argumentos<\/p>\n","protected":false},"author":1,"featured_media":1059,"comment_status":"open","ping_status":"open","sticky":false,"template":"","format":"standard","meta":{"footnotes":""},"categories":[67],"tags":[841,848,929,796,429,961,728,730,136,960,901,3,115,959,935,729,826,382,801,11,962,870],"class_list":["post-979","post","type-post","status-publish","format-standard","has-post-thumbnail","hentry","category-numeros","tag-ana-maria-preckler","tag-antonio-hernandez-sonseca-perez","tag-bela-martinova","tag-cesar-perez-gracia","tag-cristobal-montoro-romero","tag-david-alcalde-morales","tag-enrique-gonzalez-fernandez","tag-fernando-saenz-ridruejo","tag-harold-raley","tag-jose-antonio-rojo","tag-jose-luis-lanaspa","tag-julian-marias","tag-julio-almeida-nesi","tag-leandro-sequeiros-san-roman","tag-luisa-santamaria","tag-maria-g-santa-eulalia","tag-mercedes-gordon","tag-miguel-escudero","tag-pedro-francisco-gago-guerrero","tag-rafael-anson","tag-rafael-de-la-hoz-castanys","tag-rafael-feito-alonso"],"_links":{"self":[{"href":"https:\/\/cuentayrazon.es\/cyr1e\/wp-json\/wp\/v2\/posts\/979","targetHints":{"allow":["GET"]}}],"collection":[{"href":"https:\/\/cuentayrazon.es\/cyr1e\/wp-json\/wp\/v2\/posts"}],"about":[{"href":"https:\/\/cuentayrazon.es\/cyr1e\/wp-json\/wp\/v2\/types\/post"}],"author":[{"embeddable":true,"href":"https:\/\/cuentayrazon.es\/cyr1e\/wp-json\/wp\/v2\/users\/1"}],"replies":[{"embeddable":true,"href":"https:\/\/cuentayrazon.es\/cyr1e\/wp-json\/wp\/v2\/comments?post=979"}],"version-history":[{"count":6,"href":"https:\/\/cuentayrazon.es\/cyr1e\/wp-json\/wp\/v2\/posts\/979\/revisions"}],"predecessor-version":[{"id":1205,"href":"https:\/\/cuentayrazon.es\/cyr1e\/wp-json\/wp\/v2\/posts\/979\/revisions\/1205"}],"wp:featuredmedia":[{"embeddable":true,"href":"https:\/\/cuentayrazon.es\/cyr1e\/wp-json\/wp\/v2\/media\/1059"}],"wp:attachment":[{"href":"https:\/\/cuentayrazon.es\/cyr1e\/wp-json\/wp\/v2\/media?parent=979"}],"wp:term":[{"taxonomy":"category","embeddable":true,"href":"https:\/\/cuentayrazon.es\/cyr1e\/wp-json\/wp\/v2\/categories?post=979"},{"taxonomy":"post_tag","embeddable":true,"href":"https:\/\/cuentayrazon.es\/cyr1e\/wp-json\/wp\/v2\/tags?post=979"}],"curies":[{"name":"wp","href":"https:\/\/api.w.org\/{rel}","templated":true}]}}