{"id":438,"date":"2023-10-21T02:23:45","date_gmt":"2023-10-21T00:23:45","guid":{"rendered":"https:\/\/cuentayrazon.es\/cyr1e\/?p=438"},"modified":"2023-11-04T23:03:53","modified_gmt":"2023-11-04T22:03:53","slug":"numero-48-49-1989","status":"publish","type":"post","link":"https:\/\/cuentayrazon.es\/cyr1e\/numero-48-49-1989\/","title":{"rendered":"N\u00famero 48-49. 1989"},"content":{"rendered":"\n<div class=\"wp-block-columns is-layout-flex wp-container-core-columns-is-layout-9d6595d7 wp-block-columns-is-layout-flex\">\n<div class=\"wp-block-column is-layout-flow wp-block-column-is-layout-flow\"><\/div>\n\n\n\n<div class=\"wp-block-column is-layout-flow wp-block-column-is-layout-flow\"><\/div>\n<\/div>\n\n\n\n<p>N\u00famero impreso disponible<\/p>\n\n\n\n<h3 class=\"wp-block-heading has-text-align-center\">Dedicado a:&nbsp;La literatura espa\u00f1ola actual<\/h3>\n\n\n\n<p>N\u00famero impreso disponible.<\/p>\n\n\n\n<p><strong>Ensayos<\/strong><\/p>\n\n\n\n<ul class=\"wp-block-list\">\n<li><strong><a rel=\"noreferrer noopener\" href=\"\/archivo\/Num048_001.pdf\" target=\"_blank\">El espesor del presente literario<\/a><\/strong> (<a href=\"\/archivo\/Num048_001_ocr.pdf\" data-type=\"link\" data-id=\"\/archivo\/Num048_001_ocr.pdf\">versi\u00f3n OCR<\/a>). Juli\u00e1n Mar\u00edas 7-10<\/li>\n\n\n\n<li><strong>Los nuevos narradores<\/strong>. Ricardo Gull\u00f3n 11-18<\/li>\n\n\n\n<li><strong>La responsabilidad de los intelectuales ante la lengua<\/strong>. Rafael Lapesa Melgar 19-28<\/li>\n\n\n\n<li><strong>La filolog\u00eda espa\u00f1ola actual<\/strong>. Emilio Alarcos Llorach 29-34<\/li>\n\n\n\n<li><strong>Literatura y p\u00fablico:&nbsp;la literatura en la nueva sociedad democr\u00e1tica<\/strong>. Jos\u00e9 Carlos Mainer 35-42<\/li>\n\n\n\n<li><strong>La literatura espa\u00f1ola y la literatura escrita en Espa\u00f1ol:&nbsp;la influencia del mundo hispano<\/strong>. Joaqu\u00edn Marco 43-50<\/li>\n\n\n\n<li><strong>Teatro espa\u00f1ol \u00faltimo:&nbsp;de carencias y realidades<\/strong>. Luciano Garc\u00eda Lorenzo 51-58<\/li>\n\n\n\n<li><strong>Ensayo e identidad nacional<\/strong>. Jos\u00e9 Luis Varela Iglesias 59-66<\/li>\n\n\n\n<li><strong>Poes\u00eda espa\u00f1ola, en el \u00faltimo tramo de este siglo<\/strong>. Luis Jim\u00e9nez Martos 67-76<\/li>\n\n\n\n<li><strong>La literatura catalana 1975-1989:&nbsp;s\u00edntesis de situaci\u00f3n<\/strong>. \u00c0lex Broch 77-82<\/li>\n\n\n\n<li><strong>Literatura vasca<\/strong>. Jon Juaristi Linacero 83-92<\/li>\n\n\n\n<li><strong>Galicia, una lengua, y una literatura, en desequilibrio pertinaz<\/strong>. Basilio Losada Castro 93-98<\/li>\n\n\n\n<li><strong>Dos j\u00f3venes novelistas opinan acerca de la narrativa espa\u00f1ola actual<\/strong>. Javier Mar\u00edas,&nbsp;Antonio Mu\u00f1oz Molina 99-100<\/li>\n<\/ul>\n\n\n\n<p><strong>Hechos y perspectivas<\/strong><\/p>\n\n\n\n<ul class=\"wp-block-list\">\n<li><strong>El \u00bfpernicioso? influjo de la cr\u00edtica<\/strong>. \u00c1ngel Garc\u00eda Galiano 103-108<\/li>\n\n\n\n<li><strong>Horarios y tiempos hisp\u00e1nicos<\/strong>. Julio Almeida Nesi 109-114<\/li>\n\n\n\n<li><strong>Las nuevas conquistas de Am\u00e9rica<\/strong>. Jos\u00e9 Manuel Azcona Pastor 115-120<\/li>\n\n\n\n<li><strong>II Simposio sobre el V Centenario del Descubrimiento de Am\u00e9rica<\/strong>. Rosa Mar\u00eda Mart\u00ednez de Codes 121-128<\/li>\n<\/ul>\n\n\n\n<p><strong>Cr\u00f3nicas<\/strong><\/p>\n\n\n\n<ul class=\"wp-block-list\">\n<li><strong>Dos grandes m\u00fasicos desaparecidos<\/strong>. \u00c1lvaro Mar\u00edas 131-136<\/li>\n\n\n\n<li><strong>Visto en Nueva York<\/strong>. Alfredo Ram\u00f3n 137-142<\/li>\n\n\n\n<li><strong>La hora de un balance:&nbsp;tres a\u00f1os de cr\u00edtica (I)<\/strong>. Pedro Carrero Eras 143-148<\/li>\n\n\n\n<li><strong>El oto\u00f1o no es una estaci\u00f3n<\/strong>. Juan Jos\u00e9 Guerenabarrena 149-151<\/li>\n<\/ul>\n","protected":false},"excerpt":{"rendered":"<p>N\u00famero impreso disponible Dedicado a:&nbsp;La literatura espa\u00f1ola actual N\u00famero impreso disponible. Ensayos Hechos y perspectivas Cr\u00f3nicas<\/p>\n","protected":false},"author":1,"featured_media":440,"comment_status":"open","ping_status":"open","sticky":false,"template":"","format":"standard","meta":{"footnotes":""},"categories":[1007,67],"tags":[417,192,237,376,418,412,414,286,413,416,419,239,3,115,415,147,177,104,411,420],"class_list":["post-438","post","type-post","status-publish","format-standard","has-post-thumbnail","hentry","category-impreso","category-numeros","tag-alex-broch","tag-alfredo-ramon","tag-alvaro-marias","tag-angel-garcia-galiano","tag-basilio-losada-castro","tag-emilio-alarcos-llorach","tag-joaquin-marco","tag-jon-juaristi-linacero","tag-jose-carlos-mainer","tag-jose-luis-varela-iglesias","tag-jose-manuel-azcona-pastor","tag-juan-jose-guerenabarrena","tag-julian-marias","tag-julio-almeida-nesi","tag-luciano-garcia-lorenzo","tag-luis-jimenez-martos","tag-pedro-carrero-eras","tag-rafael-lapesa-melgar","tag-ricardo-gullon","tag-rosa-maria-martinez-de-codes"],"_links":{"self":[{"href":"https:\/\/cuentayrazon.es\/cyr1e\/wp-json\/wp\/v2\/posts\/438","targetHints":{"allow":["GET"]}}],"collection":[{"href":"https:\/\/cuentayrazon.es\/cyr1e\/wp-json\/wp\/v2\/posts"}],"about":[{"href":"https:\/\/cuentayrazon.es\/cyr1e\/wp-json\/wp\/v2\/types\/post"}],"author":[{"embeddable":true,"href":"https:\/\/cuentayrazon.es\/cyr1e\/wp-json\/wp\/v2\/users\/1"}],"replies":[{"embeddable":true,"href":"https:\/\/cuentayrazon.es\/cyr1e\/wp-json\/wp\/v2\/comments?post=438"}],"version-history":[{"count":8,"href":"https:\/\/cuentayrazon.es\/cyr1e\/wp-json\/wp\/v2\/posts\/438\/revisions"}],"predecessor-version":[{"id":1280,"href":"https:\/\/cuentayrazon.es\/cyr1e\/wp-json\/wp\/v2\/posts\/438\/revisions\/1280"}],"wp:featuredmedia":[{"embeddable":true,"href":"https:\/\/cuentayrazon.es\/cyr1e\/wp-json\/wp\/v2\/media\/440"}],"wp:attachment":[{"href":"https:\/\/cuentayrazon.es\/cyr1e\/wp-json\/wp\/v2\/media?parent=438"}],"wp:term":[{"taxonomy":"category","embeddable":true,"href":"https:\/\/cuentayrazon.es\/cyr1e\/wp-json\/wp\/v2\/categories?post=438"},{"taxonomy":"post_tag","embeddable":true,"href":"https:\/\/cuentayrazon.es\/cyr1e\/wp-json\/wp\/v2\/tags?post=438"}],"curies":[{"name":"wp","href":"https:\/\/api.w.org\/{rel}","templated":true}]}}