{"id":282,"date":"2023-10-18T09:58:54","date_gmt":"2023-10-18T07:58:54","guid":{"rendered":"https:\/\/cuentayrazon.es\/cyr1e\/?p=282"},"modified":"2023-11-04T23:06:47","modified_gmt":"2023-11-04T22:06:47","slug":"numero-32-1987","status":"publish","type":"post","link":"https:\/\/cuentayrazon.es\/cyr1e\/numero-32-1987\/","title":{"rendered":"N\u00famero 32. 1987"},"content":{"rendered":"\n<div class=\"wp-block-columns is-layout-flex wp-container-core-columns-is-layout-9d6595d7 wp-block-columns-is-layout-flex\">\n<div class=\"wp-block-column is-layout-flow wp-block-column-is-layout-flow\"><\/div>\n\n\n\n<div class=\"wp-block-column is-layout-flow wp-block-column-is-layout-flow\"><\/div>\n<\/div>\n\n\n\n<p>N\u00famero impreso disponible<\/p>\n\n\n\n<p><strong>Ensayos<\/strong><\/p>\n\n\n\n<ul class=\"wp-block-list\">\n<li><strong>Con motivo de un centenario. Le Corbusier es ya historia<\/strong>. Fernando Chueca Goitia 7-20<\/li>\n\n\n\n<li><strong>Lenguas y educaci\u00f3n en Europa<\/strong>. Miguel Sigu\u00e1n Soler 21-37<\/li>\n\n\n\n<li><strong>Comunidad ling\u00fc\u00edstica y diversidad de naciones<\/strong>. Jos\u00e9 Luis Pinillos 39-49<\/li>\n\n\n\n<li><strong>Actualizaci\u00f3n de Filipinas<\/strong>. Pedro Ortiz Armengol 51-60<\/li>\n\n\n\n<li><strong>Ser liberal en Espa\u00f1a<\/strong>:&nbsp;razones de una vocaci\u00f3n. Francisco Javier L\u00f3pez Fr\u00edas 61-74<\/li>\n<\/ul>\n\n\n\n<p><strong>Hechos y perspectivas<\/strong><\/p>\n\n\n\n<ul class=\"wp-block-list\">\n<li><strong>Gregorio Varela, medalla Chevreul<\/strong>. Francisco Grande Covian 77-78<\/li>\n\n\n\n<li><strong>El pabell\u00f3n espa\u00f1ol en la Feria de Par\u00eds de 1937<\/strong>. \u00c1lvaro Mart\u00ednez-Novillo 79-90<\/li>\n<\/ul>\n\n\n\n<p><strong>Entrevista<\/strong><\/p>\n\n\n\n<ul class=\"wp-block-list\">\n<li><strong>Entrevista con Juan Jos\u00e9 Linz<\/strong> 93-105<\/li>\n\n\n\n<li>Encuesta\n<ul class=\"wp-block-list\">\n<li><strong>Encuesta sobre la Democracia en Espa\u00f1a<\/strong> 109-132<\/li>\n<\/ul>\n<\/li>\n<\/ul>\n","protected":false},"excerpt":{"rendered":"<p>N\u00famero impreso disponible Ensayos Hechos y perspectivas Entrevista<\/p>\n","protected":false},"author":1,"featured_media":283,"comment_status":"open","ping_status":"open","sticky":false,"template":"","format":"standard","meta":{"footnotes":""},"categories":[1007,67],"tags":[173,7,22,36,10,282,283],"class_list":["post-282","post","type-post","status-publish","format-standard","has-post-thumbnail","hentry","category-impreso","category-numeros","tag-alvaro-martinez-novillo-2","tag-fernando-chueca-goitia","tag-francisco-grande-covian","tag-francisco-javier-lopez-frias","tag-jose-luis-pinillos","tag-miguel-siguan-soler","tag-pedro-ortiz-armengol"],"_links":{"self":[{"href":"https:\/\/cuentayrazon.es\/cyr1e\/wp-json\/wp\/v2\/posts\/282","targetHints":{"allow":["GET"]}}],"collection":[{"href":"https:\/\/cuentayrazon.es\/cyr1e\/wp-json\/wp\/v2\/posts"}],"about":[{"href":"https:\/\/cuentayrazon.es\/cyr1e\/wp-json\/wp\/v2\/types\/post"}],"author":[{"embeddable":true,"href":"https:\/\/cuentayrazon.es\/cyr1e\/wp-json\/wp\/v2\/users\/1"}],"replies":[{"embeddable":true,"href":"https:\/\/cuentayrazon.es\/cyr1e\/wp-json\/wp\/v2\/comments?post=282"}],"version-history":[{"count":5,"href":"https:\/\/cuentayrazon.es\/cyr1e\/wp-json\/wp\/v2\/posts\/282\/revisions"}],"predecessor-version":[{"id":1294,"href":"https:\/\/cuentayrazon.es\/cyr1e\/wp-json\/wp\/v2\/posts\/282\/revisions\/1294"}],"wp:featuredmedia":[{"embeddable":true,"href":"https:\/\/cuentayrazon.es\/cyr1e\/wp-json\/wp\/v2\/media\/283"}],"wp:attachment":[{"href":"https:\/\/cuentayrazon.es\/cyr1e\/wp-json\/wp\/v2\/media?parent=282"}],"wp:term":[{"taxonomy":"category","embeddable":true,"href":"https:\/\/cuentayrazon.es\/cyr1e\/wp-json\/wp\/v2\/categories?post=282"},{"taxonomy":"post_tag","embeddable":true,"href":"https:\/\/cuentayrazon.es\/cyr1e\/wp-json\/wp\/v2\/tags?post=282"}],"curies":[{"name":"wp","href":"https:\/\/api.w.org\/{rel}","templated":true}]}}