{"id":245,"date":"2023-10-16T18:26:43","date_gmt":"2023-10-16T16:26:43","guid":{"rendered":"https:\/\/cuentayrazon.es\/cyr1e\/?p=245"},"modified":"2023-11-08T13:49:40","modified_gmt":"2023-11-08T12:49:40","slug":"numero-26-1987","status":"publish","type":"post","link":"https:\/\/cuentayrazon.es\/cyr1e\/numero-26-1987\/","title":{"rendered":"N\u00famero 26. 1987"},"content":{"rendered":"\n<p>N\u00famero impreso disponible<\/p>\n\n\n\n<div class=\"wp-block-columns is-layout-flex wp-container-core-columns-is-layout-9d6595d7 wp-block-columns-is-layout-flex\">\n<div class=\"wp-block-column is-layout-flow wp-block-column-is-layout-flow\"><\/div>\n\n\n\n<div class=\"wp-block-column is-layout-flow wp-block-column-is-layout-flow\"><\/div>\n<\/div>\n\n\n\n<p class=\"has-text-align-center\"><strong>Dedicado a: El liberalismo<\/strong><\/p>\n\n\n\n<p><strong>Ensayos<\/strong><\/p>\n\n\n\n<ul class=\"wp-block-list\">\n<li><strong><a href=\"\/archivo\/Num026_001.pdf\" data-type=\"link\" data-id=\"\/archivo\/Num026_001.pdf\" target=\"_blank\" rel=\"noreferrer noopener\">Sobre D. Salvador de Madariaga: paseos con mi padre<\/a><\/strong>. Nieves de Madariaga 5-17<\/li>\n\n\n\n<li><strong><a href=\"\/archivo\/Num026_002.pdf\" data-type=\"link\" data-id=\"\/archivo\/Num026_002.pdf\" target=\"_blank\" rel=\"noreferrer noopener\">Sobre Unamuno: precisiones y recuerdo<\/a><\/strong>. Francisco Yndur\u00e1in 19-27<\/li>\n\n\n\n<li><strong><a href=\"\/archivo\/Num026_003.pdf\" data-type=\"link\" data-id=\"\/archivo\/Num026_003.pdf\" target=\"_blank\" rel=\"noreferrer noopener\">El liberalismo de Ortega o la vida como verdad y como libertad<\/a><\/strong>. Juan del Agua 29-37<\/li>\n\n\n\n<li><strong><a href=\"\/archivo\/Num026_004.pdf\" data-type=\"link\" data-id=\"\/archivo\/Num026_004.pdf\" target=\"_blank\" rel=\"noreferrer noopener\">Actualidad del liberalismo<\/a><\/strong>. Javier Tusell G\u00f3mez 38-44<\/li>\n\n\n\n<li><strong><a href=\"\/archivo\/Num026_005.pdf\" data-type=\"link\" data-id=\"\/archivo\/Num026_005.pdf\">Minor\u00edas selectas, liberalismo y democracia<\/a><\/strong>. Ignacio S\u00e1nchez C\u00e1mara 45-52<\/li>\n\n\n\n<li><a href=\"\/archivo\/Num026_006.pdf\" data-type=\"link\" data-id=\"\/archivo\/Num026_006.pdf\" target=\"_blank\" rel=\"noreferrer noopener\">I<strong>nquisici\u00f3n y estudios inquisitoriales<\/strong><\/a>. Jos\u00e9 Antonio Escudero L\u00f3pez 53-62<\/li>\n<\/ul>\n\n\n\n<p><strong>Entrevista<\/strong><\/p>\n\n\n\n<ul class=\"wp-block-list\">\n<li><strong><a href=\"\/archivo\/Num026_007.pdf\" target=\"_blank\" rel=\"noreferrer noopener\">Entrevista con Juli\u00e1n Mar\u00edas<\/a><\/strong> 64-72<\/li>\n<\/ul>\n\n\n\n<p><strong><a href=\"\/archivo\/Num026_008.pdf\" data-type=\"link\" data-id=\"\/archivo\/Num026_008.pdf\" target=\"_blank\" rel=\"noreferrer noopener\">Encuesta<\/a><\/strong><\/p>\n\n\n\n<p><strong>Hechos y perspectivas<\/strong><\/p>\n\n\n\n<ul class=\"wp-block-list\">\n<li><strong><a href=\"\/archivo\/Num026_009.pdf\" data-type=\"link\" data-id=\"\/archivo\/Num026_008.pdf\" target=\"_blank\" rel=\"noreferrer noopener\">Reflexiones sobre el arte espa\u00f1ol en los Estados Unidos<\/a><\/strong>. Alfredo Ram\u00f3n 83-87<\/li>\n\n\n\n<li><strong><a href=\"\/archivo\/Num026_010.pdf\" data-type=\"link\" data-id=\"\/archivo\/Num026_009.pdf\" target=\"_blank\" rel=\"noreferrer noopener\">El movimiento estudiantil<\/a><\/strong>. Ricardo Jerez 88-90<\/li>\n\n\n\n<li><strong><a href=\"\/archivo\/Num026_011.pdf\" data-type=\"link\" data-id=\"\/archivo\/Num026_011.pdf\" target=\"_blank\" rel=\"noreferrer noopener\">Dos poetas seleccionan su obra<\/a><\/strong>. Luis Jim\u00e9nez Martos 91-94<\/li>\n\n\n\n<li><strong><a href=\"\/archivo\/Num026_012.pdf\" data-type=\"link\" data-id=\"\/archivo\/Num026_012.pdf\" target=\"_blank\" rel=\"noreferrer noopener\">El amor como proyecto de la vida humana<\/a><\/strong>. Juan del Agua 95-101<\/li>\n<\/ul>\n\n\n\n<p><strong>Cr\u00f3nicas<\/strong><\/p>\n\n\n\n<ul class=\"wp-block-list\">\n<li><strong><a href=\"\/archivo\/Num026_013.pdf\" data-type=\"link\" data-id=\"\/archivo\/Num026_013.pdf\" target=\"_blank\" rel=\"noreferrer noopener\">Dar\u00edo de Regoyos y Picasso<\/a><\/strong>. Alfredo Ram\u00f3n 103-108<\/li>\n\n\n\n<li><strong><a href=\"\/archivo\/Num026_013.pdf\" data-type=\"link\" data-id=\"\/archivo\/Num026_013.pdf\" target=\"_blank\" rel=\"noreferrer noopener\">\u00a1Bienvenido, Saldoni!<\/a><\/strong> \u00c1lvaro Mar\u00edas 108-117<\/li>\n\n\n\n<li><strong><a href=\"\/archivo\/Num026_014.pdf\" data-type=\"link\" data-id=\"\/archivo\/Num026_014.pdf\" target=\"_blank\" rel=\"noreferrer noopener\">La narraci\u00f3n que nos lleva: Mendoza y Ferlosio, dos hitos en el 86<\/a><\/strong>. Pedro Carrero Eras 119-129<\/li>\n\n\n\n<li><strong><a href=\"\/archivo\/Num026_015.pdf\" data-type=\"link\" data-id=\"\/archivo\/Num026_016.pdf\" target=\"_blank\" rel=\"noreferrer noopener\">Vuelta a empezar<\/a><\/strong>. Juli\u00e1n Mar\u00edas 130-133<\/li>\n\n\n\n<li><strong><a href=\"\/archivo\/Num026_017.pdf\" data-type=\"link\" data-id=\"\/archivo\/Num026_017.pdf\" target=\"_blank\" rel=\"noreferrer noopener\">Recuerdos del pasado<\/a><\/strong>. Jorge Garc\u00eda Berlanga 133-140<\/li>\n\n\n\n<li><strong><a rel=\"noreferrer noopener\" href=\"\/archivo\/Num026_017.pdf\" data-type=\"link\" data-id=\"\/archivo\/Num026_018.pdf\" target=\"_blank\">La temporada teatral o la b\u00fasqueda de la tradici\u00f3n<\/a><\/strong>. Juan Jos\u00e9 Guerenabarrena 141-149<\/li>\n<\/ul>\n\n\n\n<p><strong><a href=\"\/archivo\/Num026_018.pdf\" target=\"_blank\" rel=\"noreferrer noopener\">Cr\u00edtica de libros<\/a><\/strong><\/p>\n\n\n\n<ul class=\"wp-block-list\">\n<li>&nbsp;<strong>La libertad en juego<\/strong>. <strong>JUAN DEL AGUA&nbsp;<\/strong>\n<ul class=\"wp-block-list\">\n<li><strong>Juli\u00e1n Mar\u00edas&nbsp;<\/strong>\u00abCol. Boreal\u00bb, n.\u00b0 21. Espasa Calpe. Madrid, 1986.<\/li>\n<\/ul>\n<\/li>\n<\/ul>\n\n\n\n<ul class=\"wp-block-list\">\n<li><strong>La teor\u00eda&nbsp;<\/strong> <strong>de la Minor\u00eda&nbsp;<\/strong> <strong>Selecta<\/strong>&nbsp; <strong>en el Pensamiento&nbsp;<\/strong> <strong>de Ortega y Gasset<\/strong>. <strong>FLORENTINO PORTERO<\/strong> \n<ul class=\"wp-block-list\">\n<li><strong>Ignacio S\u00e1nchez C\u00e1mara&nbsp;<\/strong>Ed. Tecnos. Madrid, 1986. 235 p\u00e1gs.&nbsp;<\/li>\n<\/ul>\n<\/li>\n<\/ul>\n\n\n\n<ul class=\"wp-block-list\">\n<li><strong>Civil-Military&nbsp;<\/strong> <strong>Conflict&nbsp;<\/strong> <strong>in Imperial Russia,&nbsp;<\/strong> <strong>1881-1914<\/strong>. <strong>JORGE CACHINERO&nbsp;<\/strong>\n<ul class=\"wp-block-list\">\n<li><strong>William C. Fuller&nbsp;<\/strong> Princeton University Press. 1985. 295 p\u00e1gs.<\/li>\n<\/ul>\n<\/li>\n<\/ul>\n\n\n\n<ul class=\"wp-block-list\">\n<li><strong>La imagen de Espa\u00f1a<\/strong>. <strong>ANA CLARA GUERRERO<\/strong> \n<ul class=\"wp-block-list\">\n<li><strong>Francisco Ayala<\/strong>. Alianza Ed. Madrid, 1986&nbsp;<\/li>\n<\/ul>\n<\/li>\n<\/ul>\n\n\n\n<p><strong>&nbsp;<\/strong><\/p>\n\n\n\n<p><a href=\"\/archivo\/Num026_019.pdf\" data-type=\"link\" data-id=\"\/archivo\/Num026_012.pdf\" target=\"_blank\" rel=\"noreferrer noopener\"><strong>Los patrocinadores de Cuenta y Raz\u00f3n<\/strong><\/a><\/p>\n","protected":false},"excerpt":{"rendered":"<p>N\u00famero impreso disponible Dedicado a: El liberalismo Ensayos Entrevista Encuesta Hechos y perspectivas Cr\u00f3nicas Cr\u00edtica de libros &nbsp; Los patrocinadores de Cuenta y Raz\u00f3n<\/p>\n","protected":false},"author":1,"featured_media":250,"comment_status":"open","ping_status":"open","sticky":false,"template":"","format":"standard","meta":{"footnotes":""},"categories":[1007,67],"tags":[192,237,181,164,89,235,15,240,238,236,54,239,3,147,234,177,154],"class_list":["post-245","post","type-post","status-publish","format-standard","has-post-thumbnail","hentry","category-impreso","category-numeros","tag-alfredo-ramon","tag-alvaro-marias","tag-ana-clara-guerrerro","tag-florentino-portero-rodriguez","tag-francisco-yndurain","tag-ignacio-sanchez-camara","tag-javier-tusell-gomez","tag-jorge-cachinero","tag-jorge-garcia-berlanga","tag-jose-antonio-escudero-lopez","tag-juan-del-agua","tag-juan-jose-guerenabarrena","tag-julian-marias","tag-luis-jimenez-martos","tag-nieves-de-madariaga","tag-pedro-carrero-eras","tag-ricardo-jerez"],"_links":{"self":[{"href":"https:\/\/cuentayrazon.es\/cyr1e\/wp-json\/wp\/v2\/posts\/245","targetHints":{"allow":["GET"]}}],"collection":[{"href":"https:\/\/cuentayrazon.es\/cyr1e\/wp-json\/wp\/v2\/posts"}],"about":[{"href":"https:\/\/cuentayrazon.es\/cyr1e\/wp-json\/wp\/v2\/types\/post"}],"author":[{"embeddable":true,"href":"https:\/\/cuentayrazon.es\/cyr1e\/wp-json\/wp\/v2\/users\/1"}],"replies":[{"embeddable":true,"href":"https:\/\/cuentayrazon.es\/cyr1e\/wp-json\/wp\/v2\/comments?post=245"}],"version-history":[{"count":8,"href":"https:\/\/cuentayrazon.es\/cyr1e\/wp-json\/wp\/v2\/posts\/245\/revisions"}],"predecessor-version":[{"id":1331,"href":"https:\/\/cuentayrazon.es\/cyr1e\/wp-json\/wp\/v2\/posts\/245\/revisions\/1331"}],"wp:featuredmedia":[{"embeddable":true,"href":"https:\/\/cuentayrazon.es\/cyr1e\/wp-json\/wp\/v2\/media\/250"}],"wp:attachment":[{"href":"https:\/\/cuentayrazon.es\/cyr1e\/wp-json\/wp\/v2\/media?parent=245"}],"wp:term":[{"taxonomy":"category","embeddable":true,"href":"https:\/\/cuentayrazon.es\/cyr1e\/wp-json\/wp\/v2\/categories?post=245"},{"taxonomy":"post_tag","embeddable":true,"href":"https:\/\/cuentayrazon.es\/cyr1e\/wp-json\/wp\/v2\/tags?post=245"}],"curies":[{"name":"wp","href":"https:\/\/api.w.org\/{rel}","templated":true}]}}