{"id":172,"date":"2023-10-15T06:31:53","date_gmt":"2023-10-15T04:31:53","guid":{"rendered":"https:\/\/cuentayrazon.es\/cyr1e\/?p=172"},"modified":"2023-11-04T23:10:16","modified_gmt":"2023-11-04T22:10:16","slug":"numero-14-1983","status":"publish","type":"post","link":"https:\/\/cuentayrazon.es\/cyr1e\/numero-14-1983\/","title":{"rendered":"N\u00famero 14. 1983"},"content":{"rendered":"\n<div class=\"wp-block-columns is-layout-flex wp-container-core-columns-is-layout-9d6595d7 wp-block-columns-is-layout-flex\">\n<div class=\"wp-block-column is-layout-flow wp-block-column-is-layout-flow\"><\/div>\n\n\n\n<div class=\"wp-block-column is-layout-flow wp-block-column-is-layout-flow\"><\/div>\n<\/div>\n\n\n\n<p>N\u00famero impreso disponible<\/p>\n\n\n\n<p><strong>Ensayos<\/strong><\/p>\n\n\n\n<ul class=\"wp-block-list\">\n<li><strong><a href=\"\/archivo\/Num014_001.pdf\" data-type=\"link\" data-id=\"\/archivo\/Num014_001.pdf\" target=\"_blank\" rel=\"noreferrer noopener\">Saludos a Juli\u00e1n Mar\u00edas<\/a><\/strong>. Gilberto Freyre 9-12<\/li>\n\n\n\n<li><strong><a href=\"\/archivo\/Num014_002.pdf\" target=\"_blank\" rel=\"noreferrer noopener\">El descubrimiento de Am\u00e9rica, quinientos a\u00f1os despu\u00e9s<\/a><\/strong>. Jaime Ben\u00edtez 13-19<\/li>\n\n\n\n<li><strong><a href=\"\/archivo\/Num014_003.pdf\" target=\"_blank\" rel=\"noreferrer noopener\">Los or\u00edgenes de americanismo universitario en Espa\u00f1a<\/a><\/strong>. Mario Hern\u00e1ndez S\u00e1nchez Barba 21-32<\/li>\n\n\n\n<li><strong>Raymond Aron<\/strong>. Jos\u00e9 Jim\u00e9nez Blanco, Javier Tusell G\u00f3mez 33-54<\/li>\n\n\n\n<li><strong><a href=\"\/archivo\/Num014_005.pdf\">El p\u00fablico en el teatro<\/a><\/strong>. Jorge Urrutia G\u00f3mez 57-67<\/li>\n\n\n\n<li><strong>Las ideas pedag\u00f3gicas de Ortega<\/strong>. Julio Almeida 69-86<\/li>\n<\/ul>\n\n\n\n<p><strong>Hechos y perspectivas<\/strong><\/p>\n\n\n\n<ul class=\"wp-block-list\">\n<li><strong>G\u00e9nesis del \u00abPlaneta 83\u00bb<\/strong>. Jos\u00e9 Luis Olaizola 89-90<\/li>\n\n\n\n<li><strong><a href=\"\/archivo\/Num014_0019.pdf\" data-type=\"link\" data-id=\"\/archivo\/Num014_0019.pdf\" target=\"_blank\" rel=\"noreferrer noopener\">Energ\u00eda nuclear y ecol\u00f3gica<\/a><\/strong>. Carlos S\u00e1nchez del R\u00edo 91-95<\/li>\n\n\n\n<li><strong><a href=\"\/archivo\/Num014_010.pdf\" data-type=\"link\" data-id=\"\/archivo\/Num014_010.pdf\" target=\"_blank\" rel=\"noreferrer noopener\">Ortega, las bibliotecas y el libro<\/a><\/strong>. Hip\u00f3lito Escolar Sobrino 97-103<\/li>\n\n\n\n<li><strong><a rel=\"noreferrer noopener\" href=\"\/archivo\/Num014_011.pdf\" data-type=\"link\" data-id=\"\/archivo\/Num014_011.pdf\" target=\"_blank\">Ayala, entre dos mundos<\/a><\/strong>. Helio Carpintero Capell 105-108<\/li>\n\n\n\n<li><strong><a href=\"\/archivo\/Num014_012.pdf\" target=\"_blank\" rel=\"noreferrer noopener\">La fotograf\u00eda, un arte de la luz<\/a><\/strong>. Luis Revenga 109-113<\/li>\n\n\n\n<li><strong><a href=\"\/archivo\/Num014_013.pdf\" data-type=\"link\" data-id=\"\/archivo\/Num014_013.pdf\" target=\"_blank\" rel=\"noreferrer noopener\">Bol\u00edvar, \u00abestatua que vuelve a ser hombre\u00bb<\/a><\/strong>. Jos\u00e9 Manuel Cuenca Toribio 115-117<\/li>\n\n\n\n<li><strong><a href=\"\/archivo\/Num014_014.pdf\" target=\"_blank\" rel=\"noreferrer noopener\">Educaci\u00f3n y preparaci\u00f3n para la vida<\/a><\/strong>. Luis Escobar de la Serna 119-120<\/li>\n<\/ul>\n\n\n\n<p><strong>El libro del bimestre<\/strong><\/p>\n\n\n\n<ul class=\"wp-block-list\">\n<li><a href=\"\/archivo\/Num014_015.pdf\" target=\"_blank\" rel=\"noreferrer noopener\"><strong>Toque de clar\u00edn: el peligro exterior de las democracias<\/strong><\/a>. JOS\u00c9 IGNACIO WERT\n<ul class=\"wp-block-list\">\n<li>JEAN-FRANgois REVEL: Comment les d\u00e9mocraties finissent. Par\u00eds, Bernard Grasset, 1983.<\/li>\n<\/ul>\n<\/li>\n<\/ul>\n\n\n\n<p><strong>El coloquio del bimestre<\/strong><\/p>\n\n\n\n<ul class=\"wp-block-list\">\n<li><a href=\"\/archivo\/Num014_016.pdf\"><strong>Resumen del I Simposio \u00abEspa\u00f1a y la II Guerra Mundial\u00bb<\/strong><\/a>. FLORENTINO PORTERO<\/li>\n<\/ul>\n\n\n\n<p><a href=\"\/archivo\/Num014_017.pdf\"><strong>NOTICIA DE LIBROS<\/strong><\/a><\/p>\n\n\n\n<ul class=\"wp-block-list\">\n<li>LA SOMBRA DE DARWIN. JOS\u00c9 MAR\u00cdA ALFARO\n<ul class=\"wp-block-list\">\n<li>Desiderio Papp: Darwin. La aventura de un esp\u00edritu. Madrid, Espasa-Cal-pe, S. A. (Colecci\u00f3n Austral), 1983.<\/li>\n<\/ul>\n<\/li>\n\n\n\n<li>QUEVEDO ANTE EL PROBLEMA DE LA CIENCIA. GUILLERMO CARNERO\n<ul class=\"wp-block-list\">\n<li>Alessandro Martinengo; La astrolog\u00eda en la obra de Quevedos una clave de lectura. Madrid, Alhambra, 1983.<\/li>\n<\/ul>\n<\/li>\n\n\n\n<li>LA EXTREMA DERECHA EN LA SEGUNDA REP\u00daBLICA. JULIO GIL PECHARROMAN\n<ul class=\"wp-block-list\">\n<li>Pedro Sainz Rodr\u00edguez. Testimonio y recuerdos. Barcelona, Planeta, 1978.<\/li>\n\n\n\n<li>Eugenio Vegas Latapi\u00e9s Memorias pol\u00edticas. Barcelona, Planeta, 1983.<\/li>\n<\/ul>\n<\/li>\n\n\n\n<li>UN REPASO DE LAS OCASIONES PERDIDAS. OCTAVIO RUIZ MANJON-CABEZA\n<ul class=\"wp-block-list\">\n<li>Antoni Jutglar: La Espa\u00f1a que no pudo ser. Barcelona, Anthropos, 1983.<\/li>\n<\/ul>\n<\/li>\n\n\n\n<li>\u00bfQUE ES EL FASCISMO?. JUAN AVILES PARRE\n<ul class=\"wp-block-list\">\n<li>Stanley G. Payne: El fascismo. Madrid, Alianza Editorial, 1982, 250 p\u00e1gs<\/li>\n<\/ul>\n<\/li>\n\n\n\n<li>EL OCASO DE UN IMPERIO. JUAN AVIL\u00c9S FARRE\n<ul class=\"wp-block-list\">\n<li>H. R. Trevor Roper: Los \u00faltimos d\u00edas de Hitler. Barcelona, Plaza y Janes, 1975, 206 p\u00e1gs.<\/li>\n<\/ul>\n<\/li>\n<\/ul>\n\n\n\n<p><strong>Cr\u00f3nicas e informes<\/strong><\/p>\n\n\n\n<ul class=\"wp-block-list\">\n<li><a href=\"\/archivo\/Num014_018.pdf\"><strong>Madrid, Comunidad Aut\u00f3noma metropolitana<\/strong><\/a><\/li>\n<\/ul>\n","protected":false},"excerpt":{"rendered":"<p>N\u00famero impreso disponible Ensayos Hechos y perspectivas El libro del bimestre El coloquio del bimestre NOTICIA DE LIBROS Cr\u00f3nicas e informes<\/p>\n","protected":false},"author":1,"featured_media":179,"comment_status":"open","ping_status":"open","sticky":false,"template":"","format":"standard","meta":{"footnotes":""},"categories":[1007,67],"tags":[79,164,17,144,746,161,30,15,159,13,160,157,64,83,115,163,151,162,94,42],"class_list":["post-172","post","type-post","status-publish","format-standard","has-post-thumbnail","hentry","category-impreso","category-numeros","tag-carlos-sanchez-del-rio","tag-florentino-portero-rodriguez","tag-gilberto-freyre","tag-guillermo-carnero-arbat","tag-helio-carpintero-capell","tag-hipolito-escolar-sobrino","tag-jaime-benitez","tag-javier-tusell-gomez","tag-jorge-urrutia-gomez","tag-jose-ignacio-wert-ortega","tag-jose-luis-olaizola","tag-jose-manuel-cuenca-toribio","tag-jose-maria-alfaro","tag-juan-aviles-parre","tag-julio-almeida-nesi","tag-julio-gil-pecharroman","tag-luis-escobar-de-la-serna","tag-luis-revenga","tag-mario-hernandez-sanchez-barba","tag-octavio-ruiz-manjon-cabeza"],"_links":{"self":[{"href":"https:\/\/cuentayrazon.es\/cyr1e\/wp-json\/wp\/v2\/posts\/172","targetHints":{"allow":["GET"]}}],"collection":[{"href":"https:\/\/cuentayrazon.es\/cyr1e\/wp-json\/wp\/v2\/posts"}],"about":[{"href":"https:\/\/cuentayrazon.es\/cyr1e\/wp-json\/wp\/v2\/types\/post"}],"author":[{"embeddable":true,"href":"https:\/\/cuentayrazon.es\/cyr1e\/wp-json\/wp\/v2\/users\/1"}],"replies":[{"embeddable":true,"href":"https:\/\/cuentayrazon.es\/cyr1e\/wp-json\/wp\/v2\/comments?post=172"}],"version-history":[{"count":8,"href":"https:\/\/cuentayrazon.es\/cyr1e\/wp-json\/wp\/v2\/posts\/172\/revisions"}],"predecessor-version":[{"id":1311,"href":"https:\/\/cuentayrazon.es\/cyr1e\/wp-json\/wp\/v2\/posts\/172\/revisions\/1311"}],"wp:featuredmedia":[{"embeddable":true,"href":"https:\/\/cuentayrazon.es\/cyr1e\/wp-json\/wp\/v2\/media\/179"}],"wp:attachment":[{"href":"https:\/\/cuentayrazon.es\/cyr1e\/wp-json\/wp\/v2\/media?parent=172"}],"wp:term":[{"taxonomy":"category","embeddable":true,"href":"https:\/\/cuentayrazon.es\/cyr1e\/wp-json\/wp\/v2\/categories?post=172"},{"taxonomy":"post_tag","embeddable":true,"href":"https:\/\/cuentayrazon.es\/cyr1e\/wp-json\/wp\/v2\/tags?post=172"}],"curies":[{"name":"wp","href":"https:\/\/api.w.org\/{rel}","templated":true}]}}