{"id":148,"date":"2023-10-14T20:23:26","date_gmt":"2023-10-14T18:23:26","guid":{"rendered":"https:\/\/cuentayrazon.es\/cyr1e\/?p=148"},"modified":"2023-12-29T22:12:45","modified_gmt":"2023-12-29T21:12:45","slug":"numero-11-1983","status":"publish","type":"post","link":"https:\/\/cuentayrazon.es\/cyr1e\/numero-11-1983\/","title":{"rendered":"N\u00famero 11. 1983"},"content":{"rendered":"\n<div class=\"wp-block-columns is-layout-flex wp-container-core-columns-is-layout-9d6595d7 wp-block-columns-is-layout-flex\">\n<div class=\"wp-block-column is-layout-flow wp-block-column-is-layout-flow\"><\/div>\n\n\n\n<div class=\"wp-block-column is-layout-flow wp-block-column-is-layout-flow\"><\/div>\n<\/div>\n\n\n\n<p class=\"has-text-align-center\"><strong>N\u00famero impreso disponible<\/strong><\/p>\n\n\n\n<p>&nbsp;<strong>Dedicado a:&nbsp;Centenario de Jos\u00e9 Ortega y Gasset (1883-1955)<\/strong><\/p>\n\n\n\n<p><strong>Ensayos<\/strong><\/p>\n\n\n\n<ul class=\"wp-block-list\">\n<li><strong><a href=\"\/archivo\/Num011_001.pdf\" target=\"_blank\" rel=\"noreferrer noopener\">La \u00abgeometr\u00eda sentimental\u00bb de Ortega<\/a><\/strong>. Juli\u00e1n Mar\u00edas 9-20<\/li>\n\n\n\n<li><strong><a href=\"\/archivo\/Num011_002.pdf\" data-type=\"link\" data-id=\"\/archivo\/Num011_002.pdf\" target=\"_blank\" rel=\"noreferrer noopener\">Ortega y Puerto Rico<\/a><\/strong>. Jaime Ben\u00edtez 21-28<\/li>\n\n\n\n<li><strong><a href=\"\/archivo\/Num011_003.pdf\" data-type=\"link\" data-id=\"\/archivo\/Num011_003.pdf\" target=\"_blank\" rel=\"noreferrer noopener\">Creencia, esperanza y amor<\/a><\/strong>. Pedro La\u00edn Entralgo 29-42<\/li>\n\n\n\n<li><strong><a href=\"\/archivo\/Num011_004.pdf\" data-type=\"link\" data-id=\"\/archivo\/Num011_004.pdf\" target=\"_blank\" rel=\"noreferrer noopener\">La experiencia en Ortega<\/a><\/strong>. Gilberto de Mello Kujawski 43-56<\/li>\n\n\n\n<li><strong><a href=\"\/archivo\/Num011_005.pdf\" data-type=\"link\" data-id=\"\/archivo\/Num011_005.pdf\" target=\"_blank\" rel=\"noreferrer noopener\">Espa\u00f1a invertebrada, sesenta a\u00f1os despu\u00e9s<\/a><\/strong>. Fernando Chueca Goitia 57-68<\/li>\n\n\n\n<li><strong><a href=\"\/archivo\/Num011_006.pdf\" data-type=\"link\" data-id=\"\/archivo\/Num011_006.pdf\" target=\"_blank\" rel=\"noreferrer noopener\">Ortega y la met\u00e1fora<\/a><\/strong>. Fernando L\u00e1zaro Carreter 69-82<\/li>\n\n\n\n<li><strong><a href=\"\/archivo\/Num011_007.pdf\" data-type=\"link\" data-id=\"\/archivo\/Num011_007.pdf\" target=\"_blank\" rel=\"noreferrer noopener\">Pidiendo un Ortega desde dentro<\/a><\/strong>. Harold Raley 83-88<\/li>\n\n\n\n<li><strong><a href=\"\/archivo\/Num011_008.pdf\" data-type=\"link\" data-id=\"\/archivo\/Num011_008.pdf\" target=\"_blank\" rel=\"noreferrer noopener\">Revisi\u00f3n de un largo camin<\/a><a href=\"\/archivo\/Num011_008.pdf\" data-type=\"link\" data-id=\"\/archivo\/Num011_008.pdf\">o<\/a><\/strong>. Rosa Chacel 89-100<\/li>\n\n\n\n<li><strong><a href=\"\/archivo\/Num011_009.pdf\" target=\"_blank\" rel=\"noreferrer noopener\">Ortega y Mar\u00edas: sobre la filosof\u00eda de la ense\u00f1anza superior (1930-1980)<\/a><\/strong>. Ant\u00f3n Donoso 101-110<\/li>\n\n\n\n<li><strong><a rel=\"noreferrer noopener\" href=\"https:\/\/www.cervantesvirtual.com\/obra-visor\/ortega-clasico-prematuro\/html\/1dd78039-5bda-4c54-8449-d4becb068087_2.html#I_0_\" data-type=\"link\" data-id=\"https:\/\/www.cervantesvirtual.com\/obra-visor\/ortega-clasico-prematuro\/html\/1dd78039-5bda-4c54-8449-d4becb068087_2.html#I_0_\" target=\"_blank\">Ortega, cl\u00e1sico prematuro<\/a><\/strong>. Antonio Rodr\u00edguez Hu\u00e9scar 111-126 (<a href=\"https:\/\/www.cervantesvirtual.com\/obra-visor\/ortega-clasico-prematuro\/html\/1dd78039-5bda-4c54-8449-d4becb068087_2.html#I_0_\" target=\"_blank\" rel=\"noreferrer noopener\"><strong>Enlace a BVM<\/strong>C<\/a>)<\/li>\n\n\n\n<li><strong><a rel=\"noreferrer noopener\" href=\"https:\/\/madridescuela.blogspot.com\/2023\/06\/los-supuestos-historicos-del.html\" data-type=\"link\" data-id=\"https:\/\/madridescuela.blogspot.com\/2023\/06\/los-supuestos-historicos-del.html\" target=\"_blank\">Los supuestos hist\u00f3ricos del pensamiento pol\u00edtico de Ortega<\/a><\/strong>. Juan del Agua 127-138 (<a rel=\"noreferrer noopener\" href=\"https:\/\/madridescuela.blogspot.com\/2023\/06\/los-supuestos-historicos-del.html\" data-type=\"link\" data-id=\"https:\/\/madridescuela.blogspot.com\/2023\/06\/los-supuestos-historicos-del.html\" target=\"_blank\"><strong>Enlace al blog La escuela de Madrid<\/strong><\/a>)<\/li>\n\n\n\n<li><strong><a href=\"\/archivo\/Num012_012.pdf\" data-type=\"link\" data-id=\"\/archivo\/Num012_012.pdf\" target=\"_blank\" rel=\"noreferrer noopener\">Los socialistas, el socialismo y Ortega<\/a><\/strong>. Enrique M\u00fagica Herzog 139-142<\/li>\n\n\n\n<li><strong><a rel=\"noreferrer noopener\" href=\"\/archivo\/Num012_013.pdf\" target=\"_blank\">Ortega y su psicolog\u00eda del hombre-masa<\/a><\/strong>. Helio Carpintero Capell 143-156<\/li>\n\n\n\n<li><strong><a href=\"\/archivo\/Num011_014.pdf\" data-type=\"link\" data-id=\"\/archivo\/Num011_014.pdf\" target=\"_blank\" rel=\"noreferrer noopener\">A prop\u00f3sito de la tercera visita de Ortega a Buenos Aires<\/a><\/strong>. M\u00e1ximo Etchecopar 157-161<\/li>\n<\/ul>\n\n\n\n<p><a href=\"https:\/\/cuentayrazon.es\/cyr1e\/wp-admin\/post-new.php\">A\u00f1adir nueva<\/a><\/p>\n","protected":false},"excerpt":{"rendered":"<p>N\u00famero impreso disponible &nbsp;Dedicado a:&nbsp;Centenario de Jos\u00e9 Ortega y Gasset (1883-1955) Ensayos A\u00f1adir nueva<\/p>\n","protected":false},"author":1,"featured_media":118,"comment_status":"open","ping_status":"open","sticky":false,"template":"","format":"standard","meta":{"footnotes":""},"categories":[1007,67],"tags":[138,71,139,7,46,82,136,746,30,54,3,140,135,137],"class_list":["post-148","post","type-post","status-publish","format-standard","has-post-thumbnail","hentry","category-impreso","category-numeros","tag-anton-donoso","tag-antonio-rodriguez-huescar","tag-enrique-mugica-herzog","tag-fernando-chueca-goitia","tag-fernando-lazaro-carreter","tag-gilberto-de-mello-kujawski","tag-harold-raley","tag-helio-carpintero-capell","tag-jaime-benitez","tag-juan-del-agua","tag-julian-marias","tag-maximo-etchecopar","tag-pedro-lain-entralgo","tag-rosa-chacel"],"_links":{"self":[{"href":"https:\/\/cuentayrazon.es\/cyr1e\/wp-json\/wp\/v2\/posts\/148","targetHints":{"allow":["GET"]}}],"collection":[{"href":"https:\/\/cuentayrazon.es\/cyr1e\/wp-json\/wp\/v2\/posts"}],"about":[{"href":"https:\/\/cuentayrazon.es\/cyr1e\/wp-json\/wp\/v2\/types\/post"}],"author":[{"embeddable":true,"href":"https:\/\/cuentayrazon.es\/cyr1e\/wp-json\/wp\/v2\/users\/1"}],"replies":[{"embeddable":true,"href":"https:\/\/cuentayrazon.es\/cyr1e\/wp-json\/wp\/v2\/comments?post=148"}],"version-history":[{"count":9,"href":"https:\/\/cuentayrazon.es\/cyr1e\/wp-json\/wp\/v2\/posts\/148\/revisions"}],"predecessor-version":[{"id":1356,"href":"https:\/\/cuentayrazon.es\/cyr1e\/wp-json\/wp\/v2\/posts\/148\/revisions\/1356"}],"wp:featuredmedia":[{"embeddable":true,"href":"https:\/\/cuentayrazon.es\/cyr1e\/wp-json\/wp\/v2\/media\/118"}],"wp:attachment":[{"href":"https:\/\/cuentayrazon.es\/cyr1e\/wp-json\/wp\/v2\/media?parent=148"}],"wp:term":[{"taxonomy":"category","embeddable":true,"href":"https:\/\/cuentayrazon.es\/cyr1e\/wp-json\/wp\/v2\/categories?post=148"},{"taxonomy":"post_tag","embeddable":true,"href":"https:\/\/cuentayrazon.es\/cyr1e\/wp-json\/wp\/v2\/tags?post=148"}],"curies":[{"name":"wp","href":"https:\/\/api.w.org\/{rel}","templated":true}]}}